{"id":940,"date":"2025-04-02T00:44:38","date_gmt":"2025-04-02T00:44:38","guid":{"rendered":"https:\/\/irttv.ca\/?p=940"},"modified":"2025-04-02T00:44:38","modified_gmt":"2025-04-02T00:44:38","slug":"gruene-wirtschaft-francois-legault-beruhigt-durch-seinen-aufenthalt-in-deutschland","status":"publish","type":"post","link":"https:\/\/irttv.ca\/de\/gruene-wirtschaft-francois-legault-beruhigt-durch-seinen-aufenthalt-in-deutschland\/","title":{"rendered":"Gr\u00fcne Wirtschaft: Fran\u00e7ois Legault \u201eberuhigt\u201c durch seinen Aufenthalt in Deutschland"},"content":{"rendered":"<div class=\"fusion-fullwidth fullwidth-box fusion-builder-row-1 fusion-flex-container has-pattern-background has-mask-background nonhundred-percent-fullwidth non-hundred-percent-height-scrolling\" style=\"--awb-border-radius-top-left:0px;--awb-border-radius-top-right:0px;--awb-border-radius-bottom-right:0px;--awb-border-radius-bottom-left:0px;--awb-padding-right:200px;--awb-padding-left:200px;--awb-padding-right-medium:70px;--awb-padding-left-medium:70px;--awb-padding-right-small:30px;--awb-padding-left-small:30px;--awb-flex-wrap:wrap;\" ><div class=\"fusion-builder-row fusion-row fusion-flex-align-items-flex-start fusion-flex-content-wrap\" style=\"max-width:1248px;margin-left: calc(-4% \/ 2 );margin-right: calc(-4% \/ 2 );\"><div class=\"fusion-layout-column fusion_builder_column fusion-builder-column-0 fusion_builder_column_1_1 1_1 fusion-flex-column\" style=\"--awb-bg-size:cover;--awb-width-large:100%;--awb-margin-top-large:0px;--awb-spacing-right-large:1.92%;--awb-margin-bottom-large:0px;--awb-spacing-left-large:1.92%;--awb-width-medium:100%;--awb-spacing-right-medium:1.92%;--awb-spacing-left-medium:1.92%;--awb-width-small:100%;--awb-spacing-right-small:1.92%;--awb-spacing-left-small:1.92%;\"><div class=\"fusion-column-wrapper fusion-flex-justify-content-flex-start fusion-content-layout-column\"><div class=\"fusion-title title fusion-title-1 fusion-sep-none fusion-title-center fusion-title-text fusion-title-size-one\" style=\"--awb-text-color:#3d3d3d;--awb-margin-bottom:30px;\"><h1 class=\"fusion-title-heading title-heading-center\" style=\"margin:0;text-transform:uppercase;\">Gr\u00fcne Wirtschaft: Fran\u00e7ois Legault \u201eberuhigt\u201c durch seinen Aufenthalt in Deutschland<\/h1><\/div><div class=\"fusion-image-element \" style=\"--awb-margin-bottom:50px;--awb-caption-title-font-family:var(--h2_typography-font-family);--awb-caption-title-font-weight:var(--h2_typography-font-weight);--awb-caption-title-font-style:var(--h2_typography-font-style);--awb-caption-title-size:var(--h2_typography-font-size);--awb-caption-title-transform:var(--h2_typography-text-transform);--awb-caption-title-line-height:var(--h2_typography-line-height);--awb-caption-title-letter-spacing:var(--h2_typography-letter-spacing);\"><span class=\" fusion-imageframe imageframe-none imageframe-1 hover-type-none\"><img decoding=\"async\" width=\"300\" height=\"172\" title=\"IRTTV_logo-AL_color\" src=\"https:\/\/irttv.ca\/wp-content\/uploads\/2025\/02\/IRTTV_logo-AL_color-300x172.jpg\" alt class=\"img-responsive wp-image-750\" srcset=\"https:\/\/irttv.ca\/wp-content\/uploads\/2025\/02\/IRTTV_logo-AL_color-200x114.jpg 200w, https:\/\/irttv.ca\/wp-content\/uploads\/2025\/02\/IRTTV_logo-AL_color.jpg 313w\" sizes=\"(max-width: 480px) 100vw, 300px\" \/><\/span><\/div><div class=\"fusion-text fusion-text-1\"><p>Hier beim Institut f\u00fcr Forschung und Transfer Gr\u00fcner Technologien, IFTGT [Deutschland-Quebec], sind wir sehr erfreut und zufrieden mit den j\u00fcngsten Aussagen unseres Premierministers Fran\u00e7ois Legault nach seinem Aufenthalt in Hannover, Deutschland.<\/p>\n<p>Wir unterst\u00fctzen seine Aussagen ausdr\u00fccklich und haben uns seitdem daran orientiert und daran gearbeitet. Wir freuen uns, in Quebec zu sein und sind zufrieden, gemeinsam mit Deutschland im Bereich der gr\u00fcnen Wirtschaft zusammenarbeiten zu k\u00f6nnen.<\/p>\n<p>Ich lasse Sie die Zusammenfassung des Interviews entdecken, wie es von Radio-Canada berichtet wurde<\/p>\n<p>Der Premierminister von Quebec, Fran\u00e7ois Legault, beendete am Dienstag eine dreit\u00e4gige Mission in Hannover, Deutschland.<\/p>\n<p>Quebecs Premierminister Fran\u00e7ois Legault ist erfreut, in Europa Gesch\u00e4ftsleute gefunden zu haben, die wie er \u2013 und anders als US-Pr\u00e4sident Donald Trump \u2013 immer noch davon \u00fcberzeugt sind, dass die Zukunft des Planeten von der Schaffung eines neuen Wirtschaftsmodells abh\u00e4ngt, das auf nachhaltiger Entwicklung und der Energiewende basiert.<\/p>\n<p>\u201eEs hat mich mit der Rede \u00fcber die gr\u00fcne Wirtschaft vers\u00f6hnt\u201c, vertraute er Radio-Canada in einem Interview an, in dem er Bilanz seiner dreit\u00e4gigen Mission in Deutschland zog, die am Dienstag in den Herrenh\u00e4user G\u00e4rten in Hannover zu Ende ging.<\/p>\n<p>\u201eWir h\u00f6ren Herrn Trump so viel \u00fcber die Umwelt reden, dass wir uns vorstellen, dass es \u00fcberall so sein k\u00f6nnte\u201c, fuhr der Premierminister fort.<\/p>\n<p>Doch die Gesch\u00e4ftsleute, mit denen er sich in den letzten Tagen getroffen habe, seien alle an der Beschaffung kritischer Mineralien interessiert und offen f\u00fcr Gespr\u00e4che \u00fcber Batterien f\u00fcr Elektrofahrzeuge, sagte er. In gewisser Weise hat es mich also beruhigt.<\/p>\n<p>\u201eEs hat mich beruhigt, hier in Deutschland einen umweltfreundlichen und batteriefreundlichen Diskurs f\u00fcr Elektrofahrzeuge zu sehen, der bereit ist, mit uns \u00fcber alle m\u00f6glichen Technologien zusammenzuarbeiten und sich auszutauschen\u201c, fasste Herr Legault zusammen.<\/p>\n<p>Daher besteht kein Grund, die massiven Investitionen in den Batteriesektor in Frage zu stellen, die seine Regierung in den letzten Jahren trotz der Insolvenz von Northvolt angek\u00fcndigt hat. Das Unternehmen sollte in Mont\u00e9r\u00e9gie eine Megafabrik f\u00fcr Batteriezellen f\u00fcr Elektrofahrzeuge bauen.<\/p>\n<p>\u201eIch bleibe dabei und ich unterschreibe\u201c, sagte er und betonte, dass die Gro\u00dfinvestitionen in B\u00e9cancour weiterhin voranschreiten.<\/p>\n<p>Der \u00dcbergang muss erfolgreich gelingen. Wir m\u00fcssen in der Lage sein, die Treibhausgase loszuwerden, um den Planeten zu retten und unseren Kindern einen bewohnbaren Planeten zu hinterlassen. Das wird sich nicht \u00e4ndern, es bleibt eine Herausforderung. Auch wenn Herr Trump diese Rede nicht h\u00e4lt.<\/p>\n<p>Ein Zitat von Fran\u00e7ois Legault, Premierminister von Quebec<\/p>\n<p>Der Ministerpr\u00e4sident flog Ende der Woche in Begleitung von Vertretern von rund hundert Unternehmen nach Deutschland. Das Ziel: neue M\u00e4rkte f\u00fcr Produkte und Dienstleistungen aus Quebec zu finden, zu einer Zeit, in der Donald Trump Z\u00f6lle auf Kanada und andere L\u00e4nder, darunter den Alten Kontinent, erhebt.<\/p>\n<p>Herr Legault sieht in dieser Krise eine \u201eGelegenheit, die es zu nutzen gilt\u201c f\u00fcr Quebec, da 70 Prozent der Exporte des Landes auf amerikanischem Boden stattfinden, was er bedauert.<\/p>\n<p>Seiner Meinung nach sollte Quebec \u201emehr mit Europa zusammenarbeiten\u201c, nicht nur im Hinblick auf kritische Materialien und den Batteriesektor, sondern auch im Hinblick auf die milit\u00e4rischen Investitionen, die die europ\u00e4ischen L\u00e4nder t\u00e4tigen m\u00fcssen, um sich vom \u201eamerikanischen Schutzschirm\u201c zu befreien.<\/p>\n<p>Bombardier beispielsweise k\u00f6nne bei dieser Wiederaufr\u00fcstung eine Schl\u00fcsselrolle spielen, deutete Herr Legault am Dienstag an.<\/p>\n<p>\u201eIch wei\u00df, dass es Herrn Trump nicht gefallen wird, wenn ich das sage, aber wir m\u00fcssen zusammenarbeiten \u2013 Europa, Quebec und Kanada \u2013 und gemeinsam in die Verteidigung investieren, um st\u00e4rker gegen Herrn Trump zusammenarbeiten zu k\u00f6nnen\u201c, sagte Herr Legault in einem Interview.<\/p>\n<p>In Bezug auf die neuen Zolltarife, die Washington voraussichtlich am Mittwoch bekannt geben wird, gab Herr Legault am Dienstag zu, dass er gerade aus Sorge \u00fcber die Entwicklungen in den USA nach Deutschland gereist sei.<\/p>\n<p>Denn Quebec sehe sich heute in der Pflicht, seine Wirtschaft zu diversifizieren, betonte der Premierminister, und zwar unabh\u00e4ngig davon, was Trump am 2. April, dem von ihm als Tag der Befreiung bezeichneten Tag, unternehme.<\/p>\n<p>Wie bereits im Februar in Washington erkl\u00e4rte Legault erneut, er sei bereit, ein langfristiges Abkommen mit den USA zu unterzeichnen, um eine zuverl\u00e4ssige Versorgung mit Aluminium sicherzustellen. Aber Quebec werde anders vorgehen, wenn die Trump-Regierung kein Interesse habe, sagte er.<\/p>\n<p>\u201eWir liefern 60 % unseres Aluminiums in die Vereinigten Staaten\u201c, erinnerte sich Herr Legault. Doch dann sagt Herr Trump: \u201eIch brauche keine Produkte aus Quebec und Kanada.\u201c Deshalb habe ich diese Woche nicht gez\u00f6gert, den [deutschen] Unternehmen zu sagen: \u201eWenn Sie Aluminium wollen [\u2026], sind wir daran interessiert, es Ihnen [zu verkaufen].\u201c\u00a0 \u2026\u2026<\/p>\n<p>Hier ist der Link zur Website<\/p>\n<p><a href=\"https:\/\/ici.radio-canada.ca\/nouvelle\/2152482\/mission-francois-legault-allemagne?partageApp=rcca_appmobile_appinfo_android\">https:\/\/ici.radio-canada.ca\/nouvelle\/2152482\/mission-francois-legault-allemagne?partageApp=rcca_appmobile_appinfo_android<\/a><\/p>\n<\/div><\/div><\/div><\/div><\/div>\n","protected":false},"excerpt":{"rendered":"","protected":false},"author":4,"featured_media":750,"comment_status":"open","ping_status":"open","sticky":false,"template":"","format":"standard","meta":{"_acf_changed":false,"inline_featured_image":false,"footnotes":""},"categories":[13],"tags":[],"class_list":["post-940","post","type-post","status-publish","format-standard","has-post-thumbnail","hentry","category-unkategorisiert"],"acf":[],"yoast_head":"<!-- This site is optimized with the Yoast SEO plugin v26.9 - https:\/\/yoast.com\/product\/yoast-seo-wordpress\/ -->\n<title>Gr\u00fcne Wirtschaft: Fran\u00e7ois Legault \u201eberuhigt\u201c durch seinen Aufenthalt in Deutschland - IRTTV<\/title>\n<meta name=\"robots\" content=\"index, follow, max-snippet:-1, max-image-preview:large, max-video-preview:-1\" \/>\n<link rel=\"canonical\" href=\"https:\/\/irttv.ca\/de\/gruene-wirtschaft-francois-legault-beruhigt-durch-seinen-aufenthalt-in-deutschland\/\" \/>\n<meta property=\"og:locale\" content=\"de_DE\" \/>\n<meta property=\"og:type\" content=\"article\" \/>\n<meta property=\"og:title\" content=\"Gr\u00fcne Wirtschaft: Fran\u00e7ois Legault \u201eberuhigt\u201c durch seinen Aufenthalt in Deutschland - IRTTV\" \/>\n<meta property=\"og:url\" content=\"https:\/\/irttv.ca\/de\/gruene-wirtschaft-francois-legault-beruhigt-durch-seinen-aufenthalt-in-deutschland\/\" \/>\n<meta property=\"og:site_name\" content=\"IRTTV\" \/>\n<meta property=\"article:published_time\" content=\"2025-04-02T00:44:38+00:00\" \/>\n<meta property=\"og:image\" content=\"https:\/\/irttv.ca\/wp-content\/uploads\/2025\/02\/IRTTV_logo-AL_color.jpg\" \/>\n\t<meta property=\"og:image:width\" content=\"313\" \/>\n\t<meta property=\"og:image:height\" content=\"179\" \/>\n\t<meta property=\"og:image:type\" content=\"image\/jpeg\" \/>\n<meta name=\"author\" content=\"Koffi\" \/>\n<meta name=\"twitter:card\" content=\"summary_large_image\" \/>\n<meta name=\"twitter:label1\" content=\"Verfasst von\" \/>\n\t<meta name=\"twitter:data1\" content=\"Koffi\" \/>\n\t<meta name=\"twitter:label2\" content=\"Gesch\u00e4tzte Lesezeit\" \/>\n\t<meta name=\"twitter:data2\" content=\"5\u00a0Minuten\" \/>\n<script type=\"application\/ld+json\" class=\"yoast-schema-graph\">{\"@context\":\"https:\/\/schema.org\",\"@graph\":[{\"@type\":\"Article\",\"@id\":\"https:\/\/irttv.ca\/de\/gruene-wirtschaft-francois-legault-beruhigt-durch-seinen-aufenthalt-in-deutschland\/#article\",\"isPartOf\":{\"@id\":\"https:\/\/irttv.ca\/de\/gruene-wirtschaft-francois-legault-beruhigt-durch-seinen-aufenthalt-in-deutschland\/\"},\"author\":{\"name\":\"Koffi\",\"@id\":\"https:\/\/irttv.ca\/de\/#\/schema\/person\/e4818d323be289070af942cc75c51f0b\"},\"headline\":\"Gr\u00fcne Wirtschaft: Fran\u00e7ois Legault \u201eberuhigt\u201c durch seinen Aufenthalt in Deutschland\",\"datePublished\":\"2025-04-02T00:44:38+00:00\",\"mainEntityOfPage\":{\"@id\":\"https:\/\/irttv.ca\/de\/gruene-wirtschaft-francois-legault-beruhigt-durch-seinen-aufenthalt-in-deutschland\/\"},\"wordCount\":1986,\"commentCount\":0,\"image\":{\"@id\":\"https:\/\/irttv.ca\/de\/gruene-wirtschaft-francois-legault-beruhigt-durch-seinen-aufenthalt-in-deutschland\/#primaryimage\"},\"thumbnailUrl\":\"https:\/\/irttv.ca\/wp-content\/uploads\/2025\/02\/IRTTV_logo-AL_color.jpg\",\"articleSection\":[\"Unkategorisiert\"],\"inLanguage\":\"de\",\"potentialAction\":[{\"@type\":\"CommentAction\",\"name\":\"Comment\",\"target\":[\"https:\/\/irttv.ca\/de\/gruene-wirtschaft-francois-legault-beruhigt-durch-seinen-aufenthalt-in-deutschland\/#respond\"]}]},{\"@type\":\"WebPage\",\"@id\":\"https:\/\/irttv.ca\/de\/gruene-wirtschaft-francois-legault-beruhigt-durch-seinen-aufenthalt-in-deutschland\/\",\"url\":\"https:\/\/irttv.ca\/de\/gruene-wirtschaft-francois-legault-beruhigt-durch-seinen-aufenthalt-in-deutschland\/\",\"name\":\"Gr\u00fcne Wirtschaft: Fran\u00e7ois Legault \u201eberuhigt\u201c durch seinen Aufenthalt in Deutschland - IRTTV\",\"isPartOf\":{\"@id\":\"https:\/\/irttv.ca\/de\/#website\"},\"primaryImageOfPage\":{\"@id\":\"https:\/\/irttv.ca\/de\/gruene-wirtschaft-francois-legault-beruhigt-durch-seinen-aufenthalt-in-deutschland\/#primaryimage\"},\"image\":{\"@id\":\"https:\/\/irttv.ca\/de\/gruene-wirtschaft-francois-legault-beruhigt-durch-seinen-aufenthalt-in-deutschland\/#primaryimage\"},\"thumbnailUrl\":\"https:\/\/irttv.ca\/wp-content\/uploads\/2025\/02\/IRTTV_logo-AL_color.jpg\",\"datePublished\":\"2025-04-02T00:44:38+00:00\",\"author\":{\"@id\":\"https:\/\/irttv.ca\/de\/#\/schema\/person\/e4818d323be289070af942cc75c51f0b\"},\"breadcrumb\":{\"@id\":\"https:\/\/irttv.ca\/de\/gruene-wirtschaft-francois-legault-beruhigt-durch-seinen-aufenthalt-in-deutschland\/#breadcrumb\"},\"inLanguage\":\"de\",\"potentialAction\":[{\"@type\":\"ReadAction\",\"target\":[\"https:\/\/irttv.ca\/de\/gruene-wirtschaft-francois-legault-beruhigt-durch-seinen-aufenthalt-in-deutschland\/\"]}]},{\"@type\":\"ImageObject\",\"inLanguage\":\"de\",\"@id\":\"https:\/\/irttv.ca\/de\/gruene-wirtschaft-francois-legault-beruhigt-durch-seinen-aufenthalt-in-deutschland\/#primaryimage\",\"url\":\"https:\/\/irttv.ca\/wp-content\/uploads\/2025\/02\/IRTTV_logo-AL_color.jpg\",\"contentUrl\":\"https:\/\/irttv.ca\/wp-content\/uploads\/2025\/02\/IRTTV_logo-AL_color.jpg\",\"width\":313,\"height\":179},{\"@type\":\"BreadcrumbList\",\"@id\":\"https:\/\/irttv.ca\/de\/gruene-wirtschaft-francois-legault-beruhigt-durch-seinen-aufenthalt-in-deutschland\/#breadcrumb\",\"itemListElement\":[{\"@type\":\"ListItem\",\"position\":1,\"name\":\"Accueil\",\"item\":\"https:\/\/irttv.ca\/de\/\"},{\"@type\":\"ListItem\",\"position\":2,\"name\":\"Gr\u00fcne Wirtschaft: Fran\u00e7ois Legault \u201eberuhigt\u201c durch seinen Aufenthalt in Deutschland\"}]},{\"@type\":\"WebSite\",\"@id\":\"https:\/\/irttv.ca\/de\/#website\",\"url\":\"https:\/\/irttv.ca\/de\/\",\"name\":\"IRTTV\",\"description\":\"\",\"potentialAction\":[{\"@type\":\"SearchAction\",\"target\":{\"@type\":\"EntryPoint\",\"urlTemplate\":\"https:\/\/irttv.ca\/de\/?s={search_term_string}\"},\"query-input\":{\"@type\":\"PropertyValueSpecification\",\"valueRequired\":true,\"valueName\":\"search_term_string\"}}],\"inLanguage\":\"de\"},{\"@type\":\"Person\",\"@id\":\"https:\/\/irttv.ca\/de\/#\/schema\/person\/e4818d323be289070af942cc75c51f0b\",\"name\":\"Koffi\",\"image\":{\"@type\":\"ImageObject\",\"inLanguage\":\"de\",\"@id\":\"https:\/\/irttv.ca\/de\/#\/schema\/person\/image\/\",\"url\":\"https:\/\/secure.gravatar.com\/avatar\/1cf9fc89b5acd2c53d5cc084f4d0382235072a502798a5a611d2917c7ddcb88b?s=96&d=mm&r=g\",\"contentUrl\":\"https:\/\/secure.gravatar.com\/avatar\/1cf9fc89b5acd2c53d5cc084f4d0382235072a502798a5a611d2917c7ddcb88b?s=96&d=mm&r=g\",\"caption\":\"Koffi\"},\"url\":\"https:\/\/irttv.ca\/de\/author\/koffi\/\"}]}<\/script>\n<!-- \/ Yoast SEO plugin. -->","yoast_head_json":{"title":"Gr\u00fcne Wirtschaft: Fran\u00e7ois Legault \u201eberuhigt\u201c durch seinen Aufenthalt in Deutschland - IRTTV","robots":{"index":"index","follow":"follow","max-snippet":"max-snippet:-1","max-image-preview":"max-image-preview:large","max-video-preview":"max-video-preview:-1"},"canonical":"https:\/\/irttv.ca\/de\/gruene-wirtschaft-francois-legault-beruhigt-durch-seinen-aufenthalt-in-deutschland\/","og_locale":"de_DE","og_type":"article","og_title":"Gr\u00fcne Wirtschaft: Fran\u00e7ois Legault \u201eberuhigt\u201c durch seinen Aufenthalt in Deutschland - IRTTV","og_url":"https:\/\/irttv.ca\/de\/gruene-wirtschaft-francois-legault-beruhigt-durch-seinen-aufenthalt-in-deutschland\/","og_site_name":"IRTTV","article_published_time":"2025-04-02T00:44:38+00:00","og_image":[{"width":313,"height":179,"url":"https:\/\/irttv.ca\/wp-content\/uploads\/2025\/02\/IRTTV_logo-AL_color.jpg","type":"image\/jpeg"}],"author":"Koffi","twitter_card":"summary_large_image","twitter_misc":{"Verfasst von":"Koffi","Gesch\u00e4tzte Lesezeit":"5\u00a0Minuten"},"schema":{"@context":"https:\/\/schema.org","@graph":[{"@type":"Article","@id":"https:\/\/irttv.ca\/de\/gruene-wirtschaft-francois-legault-beruhigt-durch-seinen-aufenthalt-in-deutschland\/#article","isPartOf":{"@id":"https:\/\/irttv.ca\/de\/gruene-wirtschaft-francois-legault-beruhigt-durch-seinen-aufenthalt-in-deutschland\/"},"author":{"name":"Koffi","@id":"https:\/\/irttv.ca\/de\/#\/schema\/person\/e4818d323be289070af942cc75c51f0b"},"headline":"Gr\u00fcne Wirtschaft: Fran\u00e7ois Legault \u201eberuhigt\u201c durch seinen Aufenthalt in Deutschland","datePublished":"2025-04-02T00:44:38+00:00","mainEntityOfPage":{"@id":"https:\/\/irttv.ca\/de\/gruene-wirtschaft-francois-legault-beruhigt-durch-seinen-aufenthalt-in-deutschland\/"},"wordCount":1986,"commentCount":0,"image":{"@id":"https:\/\/irttv.ca\/de\/gruene-wirtschaft-francois-legault-beruhigt-durch-seinen-aufenthalt-in-deutschland\/#primaryimage"},"thumbnailUrl":"https:\/\/irttv.ca\/wp-content\/uploads\/2025\/02\/IRTTV_logo-AL_color.jpg","articleSection":["Unkategorisiert"],"inLanguage":"de","potentialAction":[{"@type":"CommentAction","name":"Comment","target":["https:\/\/irttv.ca\/de\/gruene-wirtschaft-francois-legault-beruhigt-durch-seinen-aufenthalt-in-deutschland\/#respond"]}]},{"@type":"WebPage","@id":"https:\/\/irttv.ca\/de\/gruene-wirtschaft-francois-legault-beruhigt-durch-seinen-aufenthalt-in-deutschland\/","url":"https:\/\/irttv.ca\/de\/gruene-wirtschaft-francois-legault-beruhigt-durch-seinen-aufenthalt-in-deutschland\/","name":"Gr\u00fcne Wirtschaft: Fran\u00e7ois Legault \u201eberuhigt\u201c durch seinen Aufenthalt in Deutschland - IRTTV","isPartOf":{"@id":"https:\/\/irttv.ca\/de\/#website"},"primaryImageOfPage":{"@id":"https:\/\/irttv.ca\/de\/gruene-wirtschaft-francois-legault-beruhigt-durch-seinen-aufenthalt-in-deutschland\/#primaryimage"},"image":{"@id":"https:\/\/irttv.ca\/de\/gruene-wirtschaft-francois-legault-beruhigt-durch-seinen-aufenthalt-in-deutschland\/#primaryimage"},"thumbnailUrl":"https:\/\/irttv.ca\/wp-content\/uploads\/2025\/02\/IRTTV_logo-AL_color.jpg","datePublished":"2025-04-02T00:44:38+00:00","author":{"@id":"https:\/\/irttv.ca\/de\/#\/schema\/person\/e4818d323be289070af942cc75c51f0b"},"breadcrumb":{"@id":"https:\/\/irttv.ca\/de\/gruene-wirtschaft-francois-legault-beruhigt-durch-seinen-aufenthalt-in-deutschland\/#breadcrumb"},"inLanguage":"de","potentialAction":[{"@type":"ReadAction","target":["https:\/\/irttv.ca\/de\/gruene-wirtschaft-francois-legault-beruhigt-durch-seinen-aufenthalt-in-deutschland\/"]}]},{"@type":"ImageObject","inLanguage":"de","@id":"https:\/\/irttv.ca\/de\/gruene-wirtschaft-francois-legault-beruhigt-durch-seinen-aufenthalt-in-deutschland\/#primaryimage","url":"https:\/\/irttv.ca\/wp-content\/uploads\/2025\/02\/IRTTV_logo-AL_color.jpg","contentUrl":"https:\/\/irttv.ca\/wp-content\/uploads\/2025\/02\/IRTTV_logo-AL_color.jpg","width":313,"height":179},{"@type":"BreadcrumbList","@id":"https:\/\/irttv.ca\/de\/gruene-wirtschaft-francois-legault-beruhigt-durch-seinen-aufenthalt-in-deutschland\/#breadcrumb","itemListElement":[{"@type":"ListItem","position":1,"name":"Accueil","item":"https:\/\/irttv.ca\/de\/"},{"@type":"ListItem","position":2,"name":"Gr\u00fcne Wirtschaft: Fran\u00e7ois Legault \u201eberuhigt\u201c durch seinen Aufenthalt in Deutschland"}]},{"@type":"WebSite","@id":"https:\/\/irttv.ca\/de\/#website","url":"https:\/\/irttv.ca\/de\/","name":"IRTTV","description":"","potentialAction":[{"@type":"SearchAction","target":{"@type":"EntryPoint","urlTemplate":"https:\/\/irttv.ca\/de\/?s={search_term_string}"},"query-input":{"@type":"PropertyValueSpecification","valueRequired":true,"valueName":"search_term_string"}}],"inLanguage":"de"},{"@type":"Person","@id":"https:\/\/irttv.ca\/de\/#\/schema\/person\/e4818d323be289070af942cc75c51f0b","name":"Koffi","image":{"@type":"ImageObject","inLanguage":"de","@id":"https:\/\/irttv.ca\/de\/#\/schema\/person\/image\/","url":"https:\/\/secure.gravatar.com\/avatar\/1cf9fc89b5acd2c53d5cc084f4d0382235072a502798a5a611d2917c7ddcb88b?s=96&d=mm&r=g","contentUrl":"https:\/\/secure.gravatar.com\/avatar\/1cf9fc89b5acd2c53d5cc084f4d0382235072a502798a5a611d2917c7ddcb88b?s=96&d=mm&r=g","caption":"Koffi"},"url":"https:\/\/irttv.ca\/de\/author\/koffi\/"}]}},"_links":{"self":[{"href":"https:\/\/irttv.ca\/de\/wp-json\/wp\/v2\/posts\/940","targetHints":{"allow":["GET"]}}],"collection":[{"href":"https:\/\/irttv.ca\/de\/wp-json\/wp\/v2\/posts"}],"about":[{"href":"https:\/\/irttv.ca\/de\/wp-json\/wp\/v2\/types\/post"}],"author":[{"embeddable":true,"href":"https:\/\/irttv.ca\/de\/wp-json\/wp\/v2\/users\/4"}],"replies":[{"embeddable":true,"href":"https:\/\/irttv.ca\/de\/wp-json\/wp\/v2\/comments?post=940"}],"version-history":[{"count":1,"href":"https:\/\/irttv.ca\/de\/wp-json\/wp\/v2\/posts\/940\/revisions"}],"predecessor-version":[{"id":941,"href":"https:\/\/irttv.ca\/de\/wp-json\/wp\/v2\/posts\/940\/revisions\/941"}],"wp:featuredmedia":[{"embeddable":true,"href":"https:\/\/irttv.ca\/de\/wp-json\/wp\/v2\/media\/750"}],"wp:attachment":[{"href":"https:\/\/irttv.ca\/de\/wp-json\/wp\/v2\/media?parent=940"}],"wp:term":[{"taxonomy":"category","embeddable":true,"href":"https:\/\/irttv.ca\/de\/wp-json\/wp\/v2\/categories?post=940"},{"taxonomy":"post_tag","embeddable":true,"href":"https:\/\/irttv.ca\/de\/wp-json\/wp\/v2\/tags?post=940"}],"curies":[{"name":"wp","href":"https:\/\/api.w.org\/{rel}","templated":true}]}}